{"id":877,"date":"2019-07-22T13:33:42","date_gmt":"2019-07-22T13:33:42","guid":{"rendered":"https:\/\/drycom.com.br\/site\/?p=877"},"modified":"2019-07-22T13:35:06","modified_gmt":"2019-07-22T13:35:06","slug":"saude-ocular","status":"publish","type":"post","link":"https:\/\/drycom.com.br\/site\/2019\/07\/22\/saude-ocular\/","title":{"rendered":"Sa\u00fade ocular"},"content":{"rendered":"\n<p>Centro de Olhos participa de um dos&nbsp;projetos mais renomados do mercado nacional de sa\u00fade ocular. <\/p>\n\n\n\n<p>O&nbsp;Faco 20\/20 Roadshow, chega ao Recife neste s\u00e1bado (20). A a\u00e7\u00e3o que acontece&nbsp;das 8h \u00e0s 18h, no JCPM, no Pina, vai ter&nbsp;aula especial da oftalmologista Ana Karina T\u00e9les. <\/p>\n\n\n\n<p>Na ocasi\u00e3o, ela vai apresentar para cirurgi\u00f5es de catarata novas tecnologias sobre olho seco atrav\u00e9s das m\u00e1quinas revolucion\u00e1rias E-eye e I-pen, in\u00e9ditas no Estado. <\/p>\n\n\n\n<p>O&nbsp;lan\u00e7amento dessas duas m\u00e1quinas do Centro de Olhos, que s\u00e3o consideradas as mais modernas do mundo para ajudar no tratamento especializado, foram mostrados com exclusividade no&nbsp;<strong><a href=\"http:\/\/www.joaoalberto.com\/2019\/07\/18\/saude-ocular-e-tema-de-evento-neste-sabado-no-recife\/\">Blog Jo\u00e3o Alberto.<\/a><\/strong><\/p>\n","protected":false},"excerpt":{"rendered":"<p>Centro de Olhos participa de um dos&nbsp;projetos mais renomados do mercado nacional de sa\u00fade ocular. O&nbsp;Faco 20\/20 Roadshow, chega ao Recife neste s\u00e1bado (20). A a\u00e7\u00e3o que acontece&nbsp;das 8h \u00e0s 18h, no JCPM, no Pina, vai ter&nbsp;aula especial da oftalmologista Ana Karina T\u00e9les. Na ocasi\u00e3o, ela vai apresentar para cirurgi\u00f5es de catarata novas tecnologias sobre&hellip;<\/p>\n","protected":false},"author":1,"featured_media":878,"comment_status":"closed","ping_status":"closed","sticky":false,"template":"","format":"standard","meta":[],"categories":[5],"tags":[],"_links":{"self":[{"href":"https:\/\/drycom.com.br\/site\/wp-json\/wp\/v2\/posts\/877"}],"collection":[{"href":"https:\/\/drycom.com.br\/site\/wp-json\/wp\/v2\/posts"}],"about":[{"href":"https:\/\/drycom.com.br\/site\/wp-json\/wp\/v2\/types\/post"}],"author":[{"embeddable":true,"href":"https:\/\/drycom.com.br\/site\/wp-json\/wp\/v2\/users\/1"}],"replies":[{"embeddable":true,"href":"https:\/\/drycom.com.br\/site\/wp-json\/wp\/v2\/comments?post=877"}],"version-history":[{"count":2,"href":"https:\/\/drycom.com.br\/site\/wp-json\/wp\/v2\/posts\/877\/revisions"}],"predecessor-version":[{"id":881,"href":"https:\/\/drycom.com.br\/site\/wp-json\/wp\/v2\/posts\/877\/revisions\/881"}],"wp:featuredmedia":[{"embeddable":true,"href":"https:\/\/drycom.com.br\/site\/wp-json\/wp\/v2\/media\/878"}],"wp:attachment":[{"href":"https:\/\/drycom.com.br\/site\/wp-json\/wp\/v2\/media?parent=877"}],"wp:term":[{"taxonomy":"category","embeddable":true,"href":"https:\/\/drycom.com.br\/site\/wp-json\/wp\/v2\/categories?post=877"},{"taxonomy":"post_tag","embeddable":true,"href":"https:\/\/drycom.com.br\/site\/wp-json\/wp\/v2\/tags?post=877"}],"curies":[{"name":"wp","href":"https:\/\/api.w.org\/{rel}","templated":true}]}}